{"id":34771,"date":"2020-05-13T13:06:15","date_gmt":"2020-05-13T13:06:15","guid":{"rendered":"https:\/\/interadria.hr\/weather-forecast\/"},"modified":"2023-07-04T11:37:14","modified_gmt":"2023-07-04T11:37:14","slug":"weather-forecast","status":"publish","type":"post","link":"https:\/\/interadria.hr\/hr\/weather-forecast\/","title":{"rendered":"Vremenska prognoza"},"content":{"rendered":"<p>[vc_row full_width=&#8221;stretch_row_content&#8221; content_placement=&#8221;top&#8221; css=&#8221;.vc_custom_1495902786979{margin-top: -36px !important;}&#8221;][vc_column][stm_post_animated_image][\/vc_column][\/vc_row][vc_row][vc_column width=&#8221;2\/3&#8243;][vc_column_text]<b>Ljudi su od davnina prou\u010davali prirodu u nadi za \u0161to boljom prognozom vremena o kojoj im je ovisio svakodnevni \u017eivot. Tako je narod ovladao svim znakovima koje nam priroda \u0161alje te koji se koriste jo\u0161 dan danas. <\/b><\/p>\n<p>Kada se spoje tehnologija i znanost s narodnim obi\u010dajima dolazimo do sljede\u0107ih predznaka za lokalnu prognozu vremena:<\/p>\n<ul>\n<li><em><strong>Predznaci pogor\u0161anja vremena:<\/strong><\/em><\/li>\n<\/ul>\n<p>-pad atmosferskog tlaka<\/p>\n<p>-pojava izrazito visoke plime<\/p>\n<p>-izostanak maestrala ljeti ili ako maestral prestane puhati prije vremena<\/p>\n<p>-mjesec blijede boje i vijenac (prsten) oko njega prikazuje promjenu vremena<\/p>\n<p>-crvenilo neba ili pojave duge rano ujutro najavljuje skoru ki\u0161u<\/p>\n<p>-zimski maestral \u010desto je nagovje\u0161taj juga i ki\u0161e<\/p>\n<p>-jak vjetar ujutro pri vedrom vremenu<\/p>\n<p>-skretanje bure za vedra vremena na E, a pogotovo na SE smjer<\/p>\n<p>-sivi zid oblaka na zapadu, osobito nave\u010der (obi\u010dno na E strani horizonta nije zna\u010dajno za razvoj vremena)<\/p>\n<p>-ako je Sunce prije zalaska blijedo\u017eute boje<\/p>\n<p>-vijenac oko Sunca i Mjeseca uz, istovremeno puhanje vla\u017enog vjetra, nagovje\u0161taj je pogor\u0161anja vremena<\/p>\n<p>-stalni niski tlak pri ru\u017enom vremenu zna\u010di da \u0107e ono potrajati<\/p>\n<ul>\n<li><em><strong>Predznaci pobolj\u0161anja vremena<\/strong>:<\/em><\/li>\n<\/ul>\n<p>-postupan porast tlaka (posebice iznad 1012 hPa)<\/p>\n<p>-pojava vedrine pri naobla\u010denom nebu na W dijelu obzora<\/p>\n<p>-na\u010delno vrijedi: vjetar nakon ki\u0161e donosi lijepo vrijeme<\/p>\n<p>-pojave crvenila, nakon zalaza Sunca, na naobla\u010denom nebu<\/p>\n<ul>\n<li><em><strong>Predznaci za nastavak lijepog vremena:<\/strong><\/em><\/li>\n<\/ul>\n<p>-maestral danju, a burin u svitanje (i no\u0107u)<\/p>\n<p>-izrazito nizak vodostaj (oseka) ili ako su izmjene u plimi i oseci tokom dana pravilne<\/p>\n<p>-ukoliko je za vedra vremena, zalazak Sunca jasan i do kraja \u017eivo osvjetljava te ukoliko je poslije zalaska Sunca zapadni obzor lijepih boja (nebesko crvenilo)<\/p>\n<p>-ukoliko se visoki tlak ne mijenja ili ako raste<\/p>\n<p>-vedrina neba uz ti\u0161inu (uz poneki oblak)<\/p>\n<p>-dok pu\u0161e bura nema pogor\u0161anja vremena.[\/vc_column_text][vc_separator color=&#8221;black&#8221; border_width=&#8221;2&#8243;][vc_single_image image=&#8221;34765&#8243; img_size=&#8221;full&#8221;][vc_single_image image=&#8221;34763&#8243; img_size=&#8221;full&#8221;][vc_separator color=&#8221;black&#8221; border_width=&#8221;2&#8243;][stm_post_comments][\/vc_column][vc_column width=&#8221;1\/3&#8243;][stm_sidebar sidebar=&#8221;651&#8243;][\/vc_column][\/vc_row]<\/p>\n","protected":false},"excerpt":{"rendered":"<p>[vc_row full_width=&#8221;stretch_row_content&#8221; content_placement=&#8221;top&#8221; css=&#8221;.vc_custom_1495902786979{margin-top: -36px !important;}&#8221;][vc_column][stm_post_animated_image][\/vc_column][\/vc_row][vc_row][vc_column width=&#8221;2\/3&#8243;][vc_column_text]Ljudi su od davnina prou\u010davali prirodu u nadi za \u0161to boljom prognozom vremena o kojoj im je ovisio svakodnevni \u017eivot. Tako je narod ovladao svim znakovima koje nam priroda \u0161alje te koji se koriste jo\u0161 dan danas. Kada se spoje tehnologija i znanost s narodnim obi\u010dajima dolazimo do sljede\u0107ih&#8230;<\/p>\n","protected":false},"author":2,"featured_media":34762,"comment_status":"closed","ping_status":"closed","sticky":false,"template":"","format":"standard","meta":{"_joinchat":[],"_links_to":"","_links_to_target":""},"categories":[96],"tags":[],"acf":[],"yoast_head":"<!-- This site is optimized with the Yoast SEO plugin v19.6 - https:\/\/yoast.com\/wordpress\/plugins\/seo\/ -->\n<title>Vremenska prognoza -<\/title>\n<meta name=\"robots\" content=\"index, follow, max-snippet:-1, max-image-preview:large, max-video-preview:-1\" \/>\n<link rel=\"canonical\" href=\"https:\/\/interadria.hr\/hr\/weather-forecast\/\" \/>\n<meta property=\"og:locale\" content=\"hr_HR\" \/>\n<meta property=\"og:type\" content=\"article\" \/>\n<meta property=\"og:title\" content=\"Vremenska prognoza -\" \/>\n<meta property=\"og:description\" content=\"[vc_row full_width=&#8221;stretch_row_content&#8221; content_placement=&#8221;top&#8221; css=&#8221;.vc_custom_1495902786979{margin-top: -36px !important;}&#8221;][vc_column][stm_post_animated_image][\/vc_column][\/vc_row][vc_row][vc_column width=&#8221;2\/3&#8243;][vc_column_text]Ljudi su od davnina prou\u010davali prirodu u nadi za \u0161to boljom prognozom vremena o kojoj im je ovisio svakodnevni \u017eivot. Tako je narod ovladao svim znakovima koje nam priroda \u0161alje te koji se koriste jo\u0161 dan danas. Kada se spoje tehnologija i znanost s narodnim obi\u010dajima dolazimo do sljede\u0107ih...\" \/>\n<meta property=\"og:url\" content=\"https:\/\/interadria.hr\/hr\/weather-forecast\/\" \/>\n<meta property=\"article:published_time\" content=\"2020-05-13T13:06:15+00:00\" \/>\n<meta property=\"article:modified_time\" content=\"2023-07-04T11:37:14+00:00\" \/>\n<meta property=\"og:image\" content=\"https:\/\/interadria.hr\/wp-content\/uploads\/2020\/05\/pexels-photo-189349-1024x683.jpeg\" \/>\n\t<meta property=\"og:image:width\" content=\"1024\" \/>\n\t<meta property=\"og:image:height\" content=\"683\" \/>\n\t<meta property=\"og:image:type\" content=\"image\/jpeg\" \/>\n<meta name=\"author\" content=\"InterAdria SC\" \/>\n<meta name=\"twitter:card\" content=\"summary_large_image\" \/>\n<meta name=\"twitter:label1\" content=\"Written by\" \/>\n\t<meta name=\"twitter:data1\" content=\"InterAdria SC\" \/>\n\t<meta name=\"twitter:label2\" content=\"Est. reading time\" \/>\n\t<meta name=\"twitter:data2\" content=\"2 minutes\" \/>\n<script type=\"application\/ld+json\" class=\"yoast-schema-graph\">{\"@context\":\"https:\/\/schema.org\",\"@graph\":[{\"@type\":\"WebPage\",\"@id\":\"https:\/\/interadria.hr\/hr\/weather-forecast\/\",\"url\":\"https:\/\/interadria.hr\/hr\/weather-forecast\/\",\"name\":\"Vremenska prognoza -\",\"isPartOf\":{\"@id\":\"https:\/\/interadria.hr\/#website\"},\"datePublished\":\"2020-05-13T13:06:15+00:00\",\"dateModified\":\"2023-07-04T11:37:14+00:00\",\"author\":{\"@id\":\"https:\/\/interadria.hr\/#\/schema\/person\/ebd79574d1155b60d2064707cc2887c5\"},\"breadcrumb\":{\"@id\":\"https:\/\/interadria.hr\/hr\/weather-forecast\/#breadcrumb\"},\"inLanguage\":\"hr-HR\",\"potentialAction\":[{\"@type\":\"ReadAction\",\"target\":[\"https:\/\/interadria.hr\/hr\/weather-forecast\/\"]}]},{\"@type\":\"BreadcrumbList\",\"@id\":\"https:\/\/interadria.hr\/hr\/weather-forecast\/#breadcrumb\",\"itemListElement\":[{\"@type\":\"ListItem\",\"position\":1,\"name\":\"Home\",\"item\":\"https:\/\/interadria.hr\/hr\/\"},{\"@type\":\"ListItem\",\"position\":2,\"name\":\"Vremenska prognoza\"}]},{\"@type\":\"WebSite\",\"@id\":\"https:\/\/interadria.hr\/#website\",\"url\":\"https:\/\/interadria.hr\/\",\"name\":\"\",\"description\":\"INTERADRIA SC\",\"potentialAction\":[{\"@type\":\"SearchAction\",\"target\":{\"@type\":\"EntryPoint\",\"urlTemplate\":\"https:\/\/interadria.hr\/?s={search_term_string}\"},\"query-input\":\"required name=search_term_string\"}],\"inLanguage\":\"hr-HR\"},{\"@type\":\"Person\",\"@id\":\"https:\/\/interadria.hr\/#\/schema\/person\/ebd79574d1155b60d2064707cc2887c5\",\"name\":\"InterAdria SC\",\"image\":{\"@type\":\"ImageObject\",\"inLanguage\":\"hr-HR\",\"@id\":\"https:\/\/interadria.hr\/#\/schema\/person\/image\/\",\"url\":\"https:\/\/secure.gravatar.com\/avatar\/abc168dd1e1d9e56ab3efc76eb20fcdc?s=96&d=mm&r=g\",\"contentUrl\":\"https:\/\/secure.gravatar.com\/avatar\/abc168dd1e1d9e56ab3efc76eb20fcdc?s=96&d=mm&r=g\",\"caption\":\"InterAdria SC\"},\"sameAs\":[\"http:\/\/interadria.hr\"],\"url\":\"https:\/\/interadria.hr\/hr\/author\/kristian\/\"}]}<\/script>\n<!-- \/ Yoast SEO plugin. -->","yoast_head_json":{"title":"Vremenska prognoza -","robots":{"index":"index","follow":"follow","max-snippet":"max-snippet:-1","max-image-preview":"max-image-preview:large","max-video-preview":"max-video-preview:-1"},"canonical":"https:\/\/interadria.hr\/hr\/weather-forecast\/","og_locale":"hr_HR","og_type":"article","og_title":"Vremenska prognoza -","og_description":"[vc_row full_width=&#8221;stretch_row_content&#8221; content_placement=&#8221;top&#8221; css=&#8221;.vc_custom_1495902786979{margin-top: -36px !important;}&#8221;][vc_column][stm_post_animated_image][\/vc_column][\/vc_row][vc_row][vc_column width=&#8221;2\/3&#8243;][vc_column_text]Ljudi su od davnina prou\u010davali prirodu u nadi za \u0161to boljom prognozom vremena o kojoj im je ovisio svakodnevni \u017eivot. Tako je narod ovladao svim znakovima koje nam priroda \u0161alje te koji se koriste jo\u0161 dan danas. Kada se spoje tehnologija i znanost s narodnim obi\u010dajima dolazimo do sljede\u0107ih...","og_url":"https:\/\/interadria.hr\/hr\/weather-forecast\/","article_published_time":"2020-05-13T13:06:15+00:00","article_modified_time":"2023-07-04T11:37:14+00:00","og_image":[{"width":1024,"height":683,"url":"https:\/\/interadria.hr\/wp-content\/uploads\/2020\/05\/pexels-photo-189349-1024x683.jpeg","type":"image\/jpeg"}],"author":"InterAdria SC","twitter_card":"summary_large_image","twitter_misc":{"Written by":"InterAdria SC","Est. reading time":"2 minutes"},"schema":{"@context":"https:\/\/schema.org","@graph":[{"@type":"WebPage","@id":"https:\/\/interadria.hr\/hr\/weather-forecast\/","url":"https:\/\/interadria.hr\/hr\/weather-forecast\/","name":"Vremenska prognoza -","isPartOf":{"@id":"https:\/\/interadria.hr\/#website"},"datePublished":"2020-05-13T13:06:15+00:00","dateModified":"2023-07-04T11:37:14+00:00","author":{"@id":"https:\/\/interadria.hr\/#\/schema\/person\/ebd79574d1155b60d2064707cc2887c5"},"breadcrumb":{"@id":"https:\/\/interadria.hr\/hr\/weather-forecast\/#breadcrumb"},"inLanguage":"hr-HR","potentialAction":[{"@type":"ReadAction","target":["https:\/\/interadria.hr\/hr\/weather-forecast\/"]}]},{"@type":"BreadcrumbList","@id":"https:\/\/interadria.hr\/hr\/weather-forecast\/#breadcrumb","itemListElement":[{"@type":"ListItem","position":1,"name":"Home","item":"https:\/\/interadria.hr\/hr\/"},{"@type":"ListItem","position":2,"name":"Vremenska prognoza"}]},{"@type":"WebSite","@id":"https:\/\/interadria.hr\/#website","url":"https:\/\/interadria.hr\/","name":"","description":"INTERADRIA SC","potentialAction":[{"@type":"SearchAction","target":{"@type":"EntryPoint","urlTemplate":"https:\/\/interadria.hr\/?s={search_term_string}"},"query-input":"required name=search_term_string"}],"inLanguage":"hr-HR"},{"@type":"Person","@id":"https:\/\/interadria.hr\/#\/schema\/person\/ebd79574d1155b60d2064707cc2887c5","name":"InterAdria SC","image":{"@type":"ImageObject","inLanguage":"hr-HR","@id":"https:\/\/interadria.hr\/#\/schema\/person\/image\/","url":"https:\/\/secure.gravatar.com\/avatar\/abc168dd1e1d9e56ab3efc76eb20fcdc?s=96&d=mm&r=g","contentUrl":"https:\/\/secure.gravatar.com\/avatar\/abc168dd1e1d9e56ab3efc76eb20fcdc?s=96&d=mm&r=g","caption":"InterAdria SC"},"sameAs":["http:\/\/interadria.hr"],"url":"https:\/\/interadria.hr\/hr\/author\/kristian\/"}]}},"jetpack_featured_media_url":"https:\/\/interadria.hr\/wp-content\/uploads\/2020\/05\/pexels-photo-189349.jpeg","_links":{"self":[{"href":"https:\/\/interadria.hr\/hr\/wp-json\/wp\/v2\/posts\/34771"}],"collection":[{"href":"https:\/\/interadria.hr\/hr\/wp-json\/wp\/v2\/posts"}],"about":[{"href":"https:\/\/interadria.hr\/hr\/wp-json\/wp\/v2\/types\/post"}],"author":[{"embeddable":true,"href":"https:\/\/interadria.hr\/hr\/wp-json\/wp\/v2\/users\/2"}],"replies":[{"embeddable":true,"href":"https:\/\/interadria.hr\/hr\/wp-json\/wp\/v2\/comments?post=34771"}],"version-history":[{"count":4,"href":"https:\/\/interadria.hr\/hr\/wp-json\/wp\/v2\/posts\/34771\/revisions"}],"predecessor-version":[{"id":37421,"href":"https:\/\/interadria.hr\/hr\/wp-json\/wp\/v2\/posts\/34771\/revisions\/37421"}],"wp:featuredmedia":[{"embeddable":true,"href":"https:\/\/interadria.hr\/hr\/wp-json\/wp\/v2\/media\/34762"}],"wp:attachment":[{"href":"https:\/\/interadria.hr\/hr\/wp-json\/wp\/v2\/media?parent=34771"}],"wp:term":[{"taxonomy":"category","embeddable":true,"href":"https:\/\/interadria.hr\/hr\/wp-json\/wp\/v2\/categories?post=34771"},{"taxonomy":"post_tag","embeddable":true,"href":"https:\/\/interadria.hr\/hr\/wp-json\/wp\/v2\/tags?post=34771"}],"curies":[{"name":"wp","href":"https:\/\/api.w.org\/{rel}","templated":true}]}}